[{"@context":"https:\/\/schema.org\/","@type":"Article","@id":"https:\/\/www.zekobuild.cz\/detaily-krasy\/#Article","mainEntityOfPage":"https:\/\/www.zekobuild.cz\/detaily-krasy\/","headline":"Detaily kr\u00e1sy","name":"Detaily kr\u00e1sy","description":"Chyst\u00e1te se na pracovn\u00ed sch\u016fzku, na ob\u011bd, na ve\u010de\u0159i nebo na oslavu? M\u00e1te skoro v\u0161e dokonale podchycen\u00e9, jen nest\u00edh\u00e1te zaj\u00edt na manik\u00faru? Kr\u00e1sn\u011b upraven\u00e9 nehty jist\u011b podtrhnou styl elegance. A v\u00a0letn\u00edm obdob\u00ed je zvl\u00e1\u0161\u0165 dobr\u00e9 se zam\u011b\u0159it i na oblast nohou, tedy na pedik\u00faru. Jsou to pouh\u00e9 mali\u010dkosti, av\u0161ak velmi","datePublished":"2023-05-05","dateModified":"2023-05-05","author":{"@type":"Person","@id":"https:\/\/www.zekobuild.cz\/author\/#Person","name":"","url":"https:\/\/www.zekobuild.cz\/author\/","identifier":1,"image":{"@type":"ImageObject","@id":"https:\/\/secure.gravatar.com\/avatar\/9514fe8d0d5bc6f8b5e285c47f6d71536ab35446ffb077fff11f6ca1fa8b00ce?s=96&d=mm&r=g","url":"https:\/\/secure.gravatar.com\/avatar\/9514fe8d0d5bc6f8b5e285c47f6d71536ab35446ffb077fff11f6ca1fa8b00ce?s=96&d=mm&r=g","height":96,"width":96}},"publisher":{"@type":"Organization","name":"zekobuild.cz","logo":{"@type":"ImageObject","@id":"\/logo.png","url":"\/logo.png","width":600,"height":60}},"image":{"@type":"ImageObject","@id":"https:\/\/www.zekobuild.cz\/wp-content\/uploads\/img_a312075_w2377_t1523126497.jpg","url":"https:\/\/www.zekobuild.cz\/wp-content\/uploads\/img_a312075_w2377_t1523126497.jpg","height":0,"width":0},"url":"https:\/\/www.zekobuild.cz\/detaily-krasy\/","wordCount":417,"articleBody":"Chyst\u00e1te se na pracovn\u00ed sch\u016fzku, na ob\u011bd, na ve\u010de\u0159i nebo na oslavu? M\u00e1te skoro v\u0161e dokonale podchycen\u00e9, jen nest\u00edh\u00e1te zaj\u00edt na manik\u00faru? Kr\u00e1sn\u011b upraven\u00e9 nehty jist\u011b podtrhnou styl elegance. A v\u00a0letn\u00edm obdob\u00ed je zvl\u00e1\u0161\u0165 dobr\u00e9 se zam\u011b\u0159it i na oblast nohou, tedy na pedik\u00faru. Jsou to pouh\u00e9 mali\u010dkosti, av\u0161ak velmi d\u016fle\u017eit\u00e9. Co d\u011blat kdy\u017e nem\u00e1te mo\u017enost zaj\u00edt za odborn\u00edky a \u010dasu je t\u0159eba m\u00e1lo? Porad\u00edme v\u00e1m jak postupovat p\u0159i dom\u00e1c\u00edm nehtov\u00e9m zkr\u00e1\u0161lov\u00e1n\u00ed.\tManik\u00fara a pedik\u00fara aneb mal\u00e1 d\u016fle\u017eit\u00e1 \u010d\u00e1st\tPokud jsou va\u0161e nehty pokryt\u00e9 i z\u00a0mal\u00e9 \u010d\u00e1sti zbytkem laku, tak je nutn\u00e9 pou\u017eit odlakova\u010d. Velmi d\u016fle\u017eit\u00fd je tak\u00e9 krok k\u00a0odstran\u011bn\u00ed k\u016f\u017ei\u010dky v\u00a0okol\u00ed samotn\u00e9ho nehtu. Posta\u010d\u00ed n\u00e1m kvalitn\u00ed ty\u010dinka na zatla\u010den\u00ed a odstran\u011bn\u00ed. D\u00e1le si zvol\u00edme d\u00e9lku a tvar nehtu. P\u0159ebyte\u010dnou \u010d\u00e1st odst\u0159ihneme a n\u00e1sledn\u011b zapilujeme spr\u00e1vn\u00fdm piln\u00edkem. Piln\u00edk v\u017edy p\u0159ikl\u00e1d\u00e1me k\u00a0nehtu kolmo, nikdy jinak. Pot\u00e9 si m\u016f\u017eeme vybrat dal\u0161\u00ed formy \u00fapravy.\t\tT\u011bch je skute\u010dn\u011b hodn\u011b, proto p\u0159in\u00e1\u0161\u00edme ty nejobl\u00edben\u011bj\u0161\u00ed tipy manik\u00far:\t\u00b7\u00a0\u00a0\u00a0\u00a0\u00a0\u00a0\u00a0\u00a0 Oby\u010dejn\u011b nalakovan\u00e9 \u2013 i kdy\u017e tato metoda \u00fapravy nevydr\u017e\u00ed dlouho, pat\u0159\u00ed mezi ty nejrychlej\u0161\u00ed. Mo\u017en\u00e1 proto, \u017ee k\u00a0dost\u00e1n\u00ed jsou rychleschnouc\u00ed laky a \u0161irok\u00e1 nab\u00eddka barev jist\u011b zaujme ka\u017ed\u00e9ho. Tak\u017ee na jakoukoliv p\u0159\u00edle\u017eitost se jist\u011b hod\u00ed i oby\u010dejn\u011b nalakovan\u00e9 neht\u00edky.\t\u00b7\u00a0\u00a0\u00a0\u00a0\u00a0\u00a0\u00a0\u00a0 Gelov\u00e9 nehty \u2013 tento styl vy\u017eaduje v\u011bt\u0161\u00ed \u010dasovou n\u00e1ro\u010dnost. Ale pokud vlastn\u00edme UV lampu a UV gel nen\u00ed nic jednodu\u0161\u0161\u00edho ne\u017e si nehty s nanesen\u00fdm gelem \u201ezap\u00e9ct\u201c. Zaj\u00edmav\u00e9 jsou tak\u00e9 gel laky, proto\u017ee n\u011bkter\u00e9 ani nevy\u017eaduj\u00ed pou\u017e\u00edv\u00e1n\u00ed UV lampy. Upraven\u00e9 nehty dlouho vydr\u017e\u00ed.\t\u00b7\u00a0\u00a0\u00a0\u00a0\u00a0\u00a0\u00a0\u00a0 Francouzsk\u00e1 manik\u00fara \u2013 velmi obl\u00edben\u00fd styl snad ka\u017ed\u00e9 \u017eeny. I p\u0159esto \u017ee jde o del\u0161\u00ed typ neht\u016f. M\u016f\u017eeme tak\u00e9 vyu\u017e\u00edt nalepen\u00ed um\u011bl\u00fdch neht\u016f. Na kone\u010dky aplikujeme v\u011bt\u0161inou b\u00edlou barvu laku nebo gelu. Ov\u0161em jin\u00e9 barevn\u00e9 varianty jsou tak\u00e9 zaj\u00edmav\u00e9. Ostatn\u00ed \u010d\u00e1st je v\u017edy lehce r\u016f\u017eov\u00e1. K\u00a0pou\u017eit\u00ed se nab\u00edz\u00ed oby\u010dejn\u00e9 laky, gel laky i UV gely. Nehty jsou pot\u00e9 kr\u00e1sn\u011b upraven\u00e9.                                                                                                                                                                                                                                                                                                                                                                                         3.6\/5 - (10 votes)        "},{"@context":"https:\/\/schema.org\/","@type":"BreadcrumbList","itemListElement":[{"@type":"ListItem","position":1,"name":"Detaily kr\u00e1sy","item":"https:\/\/www.zekobuild.cz\/detaily-krasy\/#breadcrumbitem"}]}]