[{"@context":"https:\/\/schema.org\/","@type":"Article","@id":"https:\/\/www.zekobuild.cz\/novy-design\/#Article","mainEntityOfPage":"https:\/\/www.zekobuild.cz\/novy-design\/","headline":"Nov\u00fd design","name":"Nov\u00fd design","description":"Je logick\u00e9, \u017ee ka\u017ed\u00fd \u010dlov\u011bk to chce m\u00edt doma \u00fapln\u011b p\u011bkn\u011b za\u0159\u00edzen\u00e9. A j\u00e1 jsem samoz\u0159ejm\u011b nebyla v\u00fdjimkou. Taky jsem v\u017edycky snila o tom, \u017ee to budu m\u00edt dob\u0159e p\u011bkn\u011b ud\u011blan\u00e9, proto\u017ee chci m\u00edt doma v\u017edycky v\u0161echno dokonal\u00e9 a p\u011bkn\u011b uspo\u0159\u00e1dan\u00e9. A jsem takov\u00fd perfekcionista, tak se mi nikdo nem\u016f\u017ee","datePublished":"2022-12-31","dateModified":"2022-12-31","author":{"@type":"Person","@id":"https:\/\/www.zekobuild.cz\/author\/#Person","name":"","url":"https:\/\/www.zekobuild.cz\/author\/","identifier":1,"image":{"@type":"ImageObject","@id":"https:\/\/secure.gravatar.com\/avatar\/9514fe8d0d5bc6f8b5e285c47f6d71536ab35446ffb077fff11f6ca1fa8b00ce?s=96&d=mm&r=g","url":"https:\/\/secure.gravatar.com\/avatar\/9514fe8d0d5bc6f8b5e285c47f6d71536ab35446ffb077fff11f6ca1fa8b00ce?s=96&d=mm&r=g","height":96,"width":96}},"publisher":{"@type":"Organization","name":"zekobuild.cz","logo":{"@type":"ImageObject","@id":"\/logo.png","url":"\/logo.png","width":600,"height":60}},"image":{"@type":"ImageObject","@id":"https:\/\/www.zekobuild.cz\/wp-content\/uploads\/living-room-1835923_960_720_3.jpg","url":"https:\/\/www.zekobuild.cz\/wp-content\/uploads\/living-room-1835923_960_720_3.jpg","height":0,"width":0},"url":"https:\/\/www.zekobuild.cz\/novy-design\/","about":["Neza\u0159azen\u00e9"],"wordCount":413,"articleBody":"   Je logick\u00e9, \u017ee ka\u017ed\u00fd \u010dlov\u011bk to chce m\u00edt doma \u00fapln\u011b p\u011bkn\u011b za\u0159\u00edzen\u00e9. A j\u00e1 jsem samoz\u0159ejm\u011b nebyla v\u00fdjimkou. Taky jsem v\u017edycky snila o tom, \u017ee to budu m\u00edt dob\u0159e p\u011bkn\u011b ud\u011blan\u00e9, proto\u017ee chci m\u00edt doma v\u017edycky v\u0161echno dokonal\u00e9 a p\u011bkn\u011b uspo\u0159\u00e1dan\u00e9. A jsem takov\u00fd perfekcionista, tak se mi nikdo nem\u016f\u017ee divit, \u017ee st\u00e1le doma st\u011bhuji n\u00e1bytek anebo vym\u00fd\u0161l\u00edm r\u016fzn\u00e9 kreace, jak bych to doma mohla zm\u011bnit a vylep\u0161it. A proto\u017ee bydl\u00edm v Praze, tak jsem nav\u0161t\u00edvila interi\u00e9rov\u00e9 studio v Praze. L\u00edb\u00ed se mi to, proto\u017ee na toto studio m\u00e1m sam\u00e9 chv\u00e1ly. Byla jsem p\u0159ekvapen\u00e1, kdy\u017e na webov\u00e9 str\u00e1nce by design.cz tady slibuj\u00ed, \u017ee zm\u011bn\u00ed va\u0161e bydlen\u00ed na skute\u010dn\u00fd domov.Byla jsem velice p\u0159ekvapen\u00e1 \u017ee jsou tady zku\u0161en\u00ed architekti z precizn\u00edho realiza\u010dn\u00edho t\u00fdmu. D\u011blaj\u00ed n\u00e1m opravdu kr\u00e1sn\u00e9 bydlen\u00ed, ve kter\u00e9m se budete c\u00edtit opravdu jako v bavlnce. A taky se mi l\u00edb\u00ed, \u017ee jsou tady fotografie, galerie, kde je uk\u00e1zan\u00e9 v\u0161e, jak vypadalo n\u011bco p\u0159ed a po. Tohle pr\u00e1v\u011b opravdu skv\u011bl\u00e9, proto\u017ee si \u010dlov\u011bk alespo\u0148 m\u016f\u017ee ud\u011blat obr\u00e1zek takov\u00fd, aby v\u011bd\u011bl, jak t\u0159eba nap\u0159\u00edklad jeho budouc\u00ed bydlen\u00ed bude vypadat. Interi\u00e9rov\u00e9 studio v Praze je dal\u0161\u00ed kvalitn\u00ed v\u011bc, kterou by ka\u017ed\u00fd \u010dlov\u011bk mohl vyzkou\u0161et. Taky se nemus\u00edte b\u00e1t, \u017ee byste t\u0159eba za to dali opravdu hodn\u011b pen\u011bz. Tady to v\u0161echno je v mez\u00edch normy a byla jsem opravdu p\u0159ekvapen\u00e1, kdy\u017e jsem se taky ozvala, \u017ee bych cht\u011bla zm\u011bnu kuchyn\u011b. A tak ud\u011blala jsem opravdu zm\u011bnu kuchyn\u011b a ob\u00fdvac\u00edho pokoje. A potom jsem byla velice p\u0159ekvapen\u00e1, \u017ee efekt byl opravdu dokonal\u00fd, zm\u011bna stoprocentn\u00ed a cena nebyla tak vysok\u00e1, jak jsem si p\u0159edstavovala. A pokud i vy hled\u00e1te n\u011bjakou zm\u011bnu ve va\u0161em interi\u00e9ru, tak se nemus\u00edte zbyte\u010dn\u011b nam\u00e1hat a nechat zm\u011bnu na profesion\u00e1lech. Jsou tady jen sam\u00ed profesion\u00e1lov\u00e9, tak\u017ee budete m\u00edt jistotu, \u017ee v\u00fdsledn\u00fd efekt bude dokonal\u00fd. J\u00e1 sama jsme si \u0159ekla, \u017ee si nech\u00e1m upravit je\u0161t\u011b lo\u017enici.                                                                                                                                                                                                                                                                                                                                                                                          4\/5 - (2 votes)        "},{"@context":"https:\/\/schema.org\/","@type":"BreadcrumbList","itemListElement":[{"@type":"ListItem","position":1,"name":"Nov\u00fd design","item":"https:\/\/www.zekobuild.cz\/novy-design\/#breadcrumbitem"}]}]